{"id":762,"date":"2022-01-21T06:49:30","date_gmt":"2022-01-21T05:49:30","guid":{"rendered":"https:\/\/demosites.royal-elementor-addons.com\/winebar-v1\/?p=762"},"modified":"2024-01-13T15:13:22","modified_gmt":"2024-01-13T14:13:22","slug":"biographie-humaniste-a-bordeaux","status":"publish","type":"post","link":"https:\/\/leaudesmots.fr\/index.php\/2022\/01\/21\/biographie-humaniste-a-bordeaux\/","title":{"rendered":"Biographie humaniste \u00e0 Bordeaux"},"content":{"rendered":"\t\t<div data-elementor-type=\"wp-post\" data-elementor-id=\"762\" class=\"elementor elementor-762\">\n\t\t\t\t\t\t<section class=\"elementor-section elementor-top-section elementor-element elementor-element-56d970d2 elementor-section-boxed elementor-section-height-default elementor-section-height-default wpr-particle-no wpr-jarallax-no wpr-parallax-no wpr-sticky-section-no wpr-equal-height-no\" data-id=\"56d970d2\" data-element_type=\"section\" data-e-type=\"section\">\n\t\t\t\t\t\t<div class=\"elementor-container elementor-column-gap-default\">\n\t\t\t\t\t<div class=\"elementor-column elementor-col-100 elementor-top-column elementor-element elementor-element-49aae7e0\" data-id=\"49aae7e0\" data-element_type=\"column\" data-e-type=\"column\">\n\t\t\t<div class=\"elementor-widget-wrap elementor-element-populated\">\n\t\t\t\t\t\t<div class=\"elementor-element elementor-element-f07c25f elementor-widget elementor-widget-heading\" data-id=\"f07c25f\" data-element_type=\"widget\" data-e-type=\"widget\" data-widget_type=\"heading.default\">\n\t\t\t\t<div class=\"elementor-widget-container\">\n\t\t\t\t\t<h2 class=\"elementor-heading-title elementor-size-default\">La Biographie s'invite au chevet des patients<\/h2>\t\t\t\t<\/div>\n\t\t\t\t<\/div>\n\t\t\t\t<div class=\"elementor-element elementor-element-d1b20eb elementor-widget elementor-widget-heading\" data-id=\"d1b20eb\" data-element_type=\"widget\" data-e-type=\"widget\" data-widget_type=\"heading.default\">\n\t\t\t\t<div class=\"elementor-widget-container\">\n\t\t\t\t\t<h2 class=\"elementor-heading-title elementor-size-default\">Article du Sud Ouest<\/h2>\t\t\t\t<\/div>\n\t\t\t\t<\/div>\n\t\t\t\t<div class=\"elementor-element elementor-element-f64bca8 elementor-widget elementor-widget-text-editor\" data-id=\"f64bca8\" data-element_type=\"widget\" data-e-type=\"widget\" data-widget_type=\"text-editor.default\">\n\t\t\t\t<div class=\"elementor-widget-container\">\n\t\t\t\t\t\t\t\t\t<p>J&rsquo;ai eu l&rsquo;immense plaisir d&rsquo;avoir pu de pouvoir pr\u00e9senter la Biographie, aupr\u00e8s de l&rsquo;\u00e9ditorial Sud Ouest<\/p>\t\t\t\t\t\t\t\t<\/div>\n\t\t\t\t<\/div>\n\t\t\t\t<div class=\"elementor-element elementor-element-54cf87a elementor-widget elementor-widget-image\" data-id=\"54cf87a\" data-element_type=\"widget\" data-e-type=\"widget\" data-widget_type=\"image.default\">\n\t\t\t\t<div class=\"elementor-widget-container\">\n\t\t\t\t\t\t\t\t\t\t\t\t\t\t\t<img fetchpriority=\"high\" decoding=\"async\" width=\"960\" height=\"715\" src=\"https:\/\/leaudesmots.fr\/wp-content\/uploads\/2022\/01\/article-BH-Sud-Ouest-16-10-23_page-0001-1024x763.jpg\" class=\"attachment-large size-large wp-image-2993\" alt=\"\" srcset=\"https:\/\/leaudesmots.fr\/wp-content\/uploads\/2022\/01\/article-BH-Sud-Ouest-16-10-23_page-0001-1024x763.jpg 1024w, https:\/\/leaudesmots.fr\/wp-content\/uploads\/2022\/01\/article-BH-Sud-Ouest-16-10-23_page-0001-300x223.jpg 300w, https:\/\/leaudesmots.fr\/wp-content\/uploads\/2022\/01\/article-BH-Sud-Ouest-16-10-23_page-0001-768x572.jpg 768w, https:\/\/leaudesmots.fr\/wp-content\/uploads\/2022\/01\/article-BH-Sud-Ouest-16-10-23_page-0001.jpg 1349w\" sizes=\"(max-width: 960px) 100vw, 960px\" \/>\t\t\t\t\t\t\t\t\t\t\t\t\t\t\t<\/div>\n\t\t\t\t<\/div>\n\t\t\t\t\t<\/div>\n\t\t<\/div>\n\t\t\t\t\t<\/div>\n\t\t<\/section>\n\t\t\t\t<\/div>\n\t\t","protected":false},"excerpt":{"rendered":"<p>La Biographie s&rsquo;invite au chevet des patients Article du Sud Ouest J&rsquo;ai eu l&rsquo;immense plaisir d&rsquo;avoir pu de pouvoir pr\u00e9senter la Biographie, aupr\u00e8s de l&rsquo;\u00e9ditorial Sud Ouest<\/p>\n","protected":false},"author":1,"featured_media":1647,"comment_status":"open","ping_status":"open","sticky":false,"template":"elementor_canvas","format":"standard","meta":{"footnotes":""},"categories":[1],"tags":[],"class_list":["post-762","post","type-post","status-publish","format-standard","has-post-thumbnail","hentry","category-blog"],"yoast_head":"<!-- This site is optimized with the Yoast SEO plugin v25.6 - https:\/\/yoast.com\/wordpress\/plugins\/seo\/ -->\n<title>biographie humaniste \u00e0 Bordeaux<\/title>\n<meta name=\"description\" content=\"biographie humaniste \u00e0 Bordeaux\" \/>\n<meta name=\"robots\" content=\"index, follow, max-snippet:-1, max-image-preview:large, max-video-preview:-1\" \/>\n<link rel=\"canonical\" href=\"https:\/\/leaudesmots.fr\/index.php\/2022\/01\/21\/biographie-humaniste-a-bordeaux\/\" \/>\n<meta property=\"og:locale\" content=\"fr_FR\" \/>\n<meta property=\"og:type\" content=\"article\" \/>\n<meta property=\"og:title\" content=\"biographie humaniste \u00e0 Bordeaux\" \/>\n<meta property=\"og:description\" content=\"biographie humaniste \u00e0 Bordeaux\" \/>\n<meta property=\"og:url\" content=\"https:\/\/leaudesmots.fr\/index.php\/2022\/01\/21\/biographie-humaniste-a-bordeaux\/\" \/>\n<meta property=\"og:site_name\" content=\"L Eau des Mots\" \/>\n<meta property=\"article:published_time\" content=\"2022-01-21T05:49:30+00:00\" \/>\n<meta property=\"article:modified_time\" content=\"2024-01-13T14:13:22+00:00\" \/>\n<meta property=\"og:image\" content=\"https:\/\/leaudesmots.fr\/wp-content\/uploads\/2023\/11\/Design-sans-titre-26-1024x680.png\" \/>\n\t<meta property=\"og:image:width\" content=\"1024\" \/>\n\t<meta property=\"og:image:height\" content=\"680\" \/>\n\t<meta property=\"og:image:type\" content=\"image\/png\" \/>\n<meta name=\"author\" content=\"Crealeau\" \/>\n<meta name=\"twitter:card\" content=\"summary_large_image\" \/>\n<meta name=\"twitter:label1\" content=\"\u00c9crit par\" \/>\n\t<meta name=\"twitter:data1\" content=\"Crealeau\" \/>\n\t<meta name=\"twitter:label2\" content=\"Dur\u00e9e de lecture estim\u00e9e\" \/>\n\t<meta name=\"twitter:data2\" content=\"1 minute\" \/>\n<script type=\"application\/ld+json\" class=\"yoast-schema-graph\">{\"@context\":\"https:\/\/schema.org\",\"@graph\":[{\"@type\":\"WebPage\",\"@id\":\"https:\/\/leaudesmots.fr\/index.php\/2022\/01\/21\/biographie-humaniste-a-bordeaux\/\",\"url\":\"https:\/\/leaudesmots.fr\/index.php\/2022\/01\/21\/biographie-humaniste-a-bordeaux\/\",\"name\":\"biographie humaniste \u00e0 Bordeaux\",\"isPartOf\":{\"@id\":\"https:\/\/leaudesmots.fr\/#website\"},\"primaryImageOfPage\":{\"@id\":\"https:\/\/leaudesmots.fr\/index.php\/2022\/01\/21\/biographie-humaniste-a-bordeaux\/#primaryimage\"},\"image\":{\"@id\":\"https:\/\/leaudesmots.fr\/index.php\/2022\/01\/21\/biographie-humaniste-a-bordeaux\/#primaryimage\"},\"thumbnailUrl\":\"https:\/\/leaudesmots.fr\/wp-content\/uploads\/2023\/11\/Design-sans-titre-26.png\",\"datePublished\":\"2022-01-21T05:49:30+00:00\",\"dateModified\":\"2024-01-13T14:13:22+00:00\",\"author\":{\"@id\":\"https:\/\/leaudesmots.fr\/#\/schema\/person\/287329677990ed32c759d4e241dcfbe8\"},\"description\":\"biographie humaniste \u00e0 Bordeaux\",\"breadcrumb\":{\"@id\":\"https:\/\/leaudesmots.fr\/index.php\/2022\/01\/21\/biographie-humaniste-a-bordeaux\/#breadcrumb\"},\"inLanguage\":\"fr-FR\",\"potentialAction\":[{\"@type\":\"ReadAction\",\"target\":[\"https:\/\/leaudesmots.fr\/index.php\/2022\/01\/21\/biographie-humaniste-a-bordeaux\/\"]}]},{\"@type\":\"ImageObject\",\"inLanguage\":\"fr-FR\",\"@id\":\"https:\/\/leaudesmots.fr\/index.php\/2022\/01\/21\/biographie-humaniste-a-bordeaux\/#primaryimage\",\"url\":\"https:\/\/leaudesmots.fr\/wp-content\/uploads\/2023\/11\/Design-sans-titre-26.png\",\"contentUrl\":\"https:\/\/leaudesmots.fr\/wp-content\/uploads\/2023\/11\/Design-sans-titre-26.png\",\"width\":1392,\"height\":924},{\"@type\":\"BreadcrumbList\",\"@id\":\"https:\/\/leaudesmots.fr\/index.php\/2022\/01\/21\/biographie-humaniste-a-bordeaux\/#breadcrumb\",\"itemListElement\":[{\"@type\":\"ListItem\",\"position\":1,\"name\":\"Accueil\",\"item\":\"https:\/\/leaudesmots.fr\/\"},{\"@type\":\"ListItem\",\"position\":2,\"name\":\"Biographie humaniste \u00e0 Bordeaux\"}]},{\"@type\":\"WebSite\",\"@id\":\"https:\/\/leaudesmots.fr\/#website\",\"url\":\"https:\/\/leaudesmots.fr\/\",\"name\":\"L Eau des Mots\",\"description\":\"Biographie humaniste : un m\u00e9tier \u00e0 l\u2019\u00e9coute de l\u2019autre\",\"potentialAction\":[{\"@type\":\"SearchAction\",\"target\":{\"@type\":\"EntryPoint\",\"urlTemplate\":\"https:\/\/leaudesmots.fr\/?s={search_term_string}\"},\"query-input\":{\"@type\":\"PropertyValueSpecification\",\"valueRequired\":true,\"valueName\":\"search_term_string\"}}],\"inLanguage\":\"fr-FR\"},{\"@type\":\"Person\",\"@id\":\"https:\/\/leaudesmots.fr\/#\/schema\/person\/287329677990ed32c759d4e241dcfbe8\",\"name\":\"Crealeau\",\"image\":{\"@type\":\"ImageObject\",\"inLanguage\":\"fr-FR\",\"@id\":\"https:\/\/leaudesmots.fr\/#\/schema\/person\/image\/\",\"url\":\"https:\/\/secure.gravatar.com\/avatar\/ea934ed3aa3096913643e65c41ed174f?s=96&d=mm&r=g\",\"contentUrl\":\"https:\/\/secure.gravatar.com\/avatar\/ea934ed3aa3096913643e65c41ed174f?s=96&d=mm&r=g\",\"caption\":\"Crealeau\"},\"sameAs\":[\"https:\/\/leaudesmots.fr\"],\"url\":\"https:\/\/leaudesmots.fr\/index.php\/author\/crealeau\/\"}]}<\/script>\n<!-- \/ Yoast SEO plugin. -->","yoast_head_json":{"title":"biographie humaniste \u00e0 Bordeaux","description":"biographie humaniste \u00e0 Bordeaux","robots":{"index":"index","follow":"follow","max-snippet":"max-snippet:-1","max-image-preview":"max-image-preview:large","max-video-preview":"max-video-preview:-1"},"canonical":"https:\/\/leaudesmots.fr\/index.php\/2022\/01\/21\/biographie-humaniste-a-bordeaux\/","og_locale":"fr_FR","og_type":"article","og_title":"biographie humaniste \u00e0 Bordeaux","og_description":"biographie humaniste \u00e0 Bordeaux","og_url":"https:\/\/leaudesmots.fr\/index.php\/2022\/01\/21\/biographie-humaniste-a-bordeaux\/","og_site_name":"L Eau des Mots","article_published_time":"2022-01-21T05:49:30+00:00","article_modified_time":"2024-01-13T14:13:22+00:00","og_image":[{"width":1024,"height":680,"url":"https:\/\/leaudesmots.fr\/wp-content\/uploads\/2023\/11\/Design-sans-titre-26-1024x680.png","type":"image\/png"}],"author":"Crealeau","twitter_card":"summary_large_image","twitter_misc":{"\u00c9crit par":"Crealeau","Dur\u00e9e de lecture estim\u00e9e":"1 minute"},"schema":{"@context":"https:\/\/schema.org","@graph":[{"@type":"WebPage","@id":"https:\/\/leaudesmots.fr\/index.php\/2022\/01\/21\/biographie-humaniste-a-bordeaux\/","url":"https:\/\/leaudesmots.fr\/index.php\/2022\/01\/21\/biographie-humaniste-a-bordeaux\/","name":"biographie humaniste \u00e0 Bordeaux","isPartOf":{"@id":"https:\/\/leaudesmots.fr\/#website"},"primaryImageOfPage":{"@id":"https:\/\/leaudesmots.fr\/index.php\/2022\/01\/21\/biographie-humaniste-a-bordeaux\/#primaryimage"},"image":{"@id":"https:\/\/leaudesmots.fr\/index.php\/2022\/01\/21\/biographie-humaniste-a-bordeaux\/#primaryimage"},"thumbnailUrl":"https:\/\/leaudesmots.fr\/wp-content\/uploads\/2023\/11\/Design-sans-titre-26.png","datePublished":"2022-01-21T05:49:30+00:00","dateModified":"2024-01-13T14:13:22+00:00","author":{"@id":"https:\/\/leaudesmots.fr\/#\/schema\/person\/287329677990ed32c759d4e241dcfbe8"},"description":"biographie humaniste \u00e0 Bordeaux","breadcrumb":{"@id":"https:\/\/leaudesmots.fr\/index.php\/2022\/01\/21\/biographie-humaniste-a-bordeaux\/#breadcrumb"},"inLanguage":"fr-FR","potentialAction":[{"@type":"ReadAction","target":["https:\/\/leaudesmots.fr\/index.php\/2022\/01\/21\/biographie-humaniste-a-bordeaux\/"]}]},{"@type":"ImageObject","inLanguage":"fr-FR","@id":"https:\/\/leaudesmots.fr\/index.php\/2022\/01\/21\/biographie-humaniste-a-bordeaux\/#primaryimage","url":"https:\/\/leaudesmots.fr\/wp-content\/uploads\/2023\/11\/Design-sans-titre-26.png","contentUrl":"https:\/\/leaudesmots.fr\/wp-content\/uploads\/2023\/11\/Design-sans-titre-26.png","width":1392,"height":924},{"@type":"BreadcrumbList","@id":"https:\/\/leaudesmots.fr\/index.php\/2022\/01\/21\/biographie-humaniste-a-bordeaux\/#breadcrumb","itemListElement":[{"@type":"ListItem","position":1,"name":"Accueil","item":"https:\/\/leaudesmots.fr\/"},{"@type":"ListItem","position":2,"name":"Biographie humaniste \u00e0 Bordeaux"}]},{"@type":"WebSite","@id":"https:\/\/leaudesmots.fr\/#website","url":"https:\/\/leaudesmots.fr\/","name":"L Eau des Mots","description":"Biographie humaniste : un m\u00e9tier \u00e0 l\u2019\u00e9coute de l\u2019autre","potentialAction":[{"@type":"SearchAction","target":{"@type":"EntryPoint","urlTemplate":"https:\/\/leaudesmots.fr\/?s={search_term_string}"},"query-input":{"@type":"PropertyValueSpecification","valueRequired":true,"valueName":"search_term_string"}}],"inLanguage":"fr-FR"},{"@type":"Person","@id":"https:\/\/leaudesmots.fr\/#\/schema\/person\/287329677990ed32c759d4e241dcfbe8","name":"Crealeau","image":{"@type":"ImageObject","inLanguage":"fr-FR","@id":"https:\/\/leaudesmots.fr\/#\/schema\/person\/image\/","url":"https:\/\/secure.gravatar.com\/avatar\/ea934ed3aa3096913643e65c41ed174f?s=96&d=mm&r=g","contentUrl":"https:\/\/secure.gravatar.com\/avatar\/ea934ed3aa3096913643e65c41ed174f?s=96&d=mm&r=g","caption":"Crealeau"},"sameAs":["https:\/\/leaudesmots.fr"],"url":"https:\/\/leaudesmots.fr\/index.php\/author\/crealeau\/"}]}},"_links":{"self":[{"href":"https:\/\/leaudesmots.fr\/index.php\/wp-json\/wp\/v2\/posts\/762"}],"collection":[{"href":"https:\/\/leaudesmots.fr\/index.php\/wp-json\/wp\/v2\/posts"}],"about":[{"href":"https:\/\/leaudesmots.fr\/index.php\/wp-json\/wp\/v2\/types\/post"}],"author":[{"embeddable":true,"href":"https:\/\/leaudesmots.fr\/index.php\/wp-json\/wp\/v2\/users\/1"}],"replies":[{"embeddable":true,"href":"https:\/\/leaudesmots.fr\/index.php\/wp-json\/wp\/v2\/comments?post=762"}],"version-history":[{"count":17,"href":"https:\/\/leaudesmots.fr\/index.php\/wp-json\/wp\/v2\/posts\/762\/revisions"}],"predecessor-version":[{"id":3021,"href":"https:\/\/leaudesmots.fr\/index.php\/wp-json\/wp\/v2\/posts\/762\/revisions\/3021"}],"wp:featuredmedia":[{"embeddable":true,"href":"https:\/\/leaudesmots.fr\/index.php\/wp-json\/wp\/v2\/media\/1647"}],"wp:attachment":[{"href":"https:\/\/leaudesmots.fr\/index.php\/wp-json\/wp\/v2\/media?parent=762"}],"wp:term":[{"taxonomy":"category","embeddable":true,"href":"https:\/\/leaudesmots.fr\/index.php\/wp-json\/wp\/v2\/categories?post=762"},{"taxonomy":"post_tag","embeddable":true,"href":"https:\/\/leaudesmots.fr\/index.php\/wp-json\/wp\/v2\/tags?post=762"}],"curies":[{"name":"wp","href":"https:\/\/api.w.org\/{rel}","templated":true}]}}